{"id":5018,"date":"2021-09-23T14:49:04","date_gmt":"2021-09-23T19:49:04","guid":{"rendered":"https:\/\/etek.com\/es\/?p=5018"},"modified":"2021-09-23T14:49:04","modified_gmt":"2021-09-23T19:49:04","slug":"etek-nombra-a-luis-alejandro-ruiz-nuevo-lider-de-gobierno-de-servicios","status":"publish","type":"post","link":"https:\/\/etek.com\/es\/etek-nombra-a-luis-alejandro-ruiz-nuevo-lider-de-gobierno-de-servicios\/","title":{"rendered":"ETEK nombra a Luis Alejandro Ruiz nuevo L\u00edder de Gobierno de Servicios"},"content":{"rendered":"\n<p><\/p>\n\n\n\n<p><strong><em>Bajo esta posici\u00f3n, el nuevo directivo ser\u00e1 responsable de la gesti\u00f3n del ciclo de vida de&nbsp;los&nbsp;servicios, aseguramiento de la calidad y satisfacci\u00f3n de&nbsp;los clientes de&nbsp;Etek<\/em><\/strong><strong><em>&nbsp;<\/em><\/strong>&nbsp;<\/p>\n\n\n\n<p><strong>Bogot\u00e1,&nbsp;Colombia \u2014&nbsp;septiembre&nbsp;23, 2021<\/strong>&nbsp;&#8211;&nbsp;<a rel=\"noreferrer noopener\" href=\"https:\/\/etek.com\/\" target=\"_blank\"><strong>Etek&nbsp;International Corporation<\/strong><\/a>&nbsp;anunci\u00f3 hoy la designaci\u00f3n de&nbsp;<strong>Luis Alejandro Ruiz<\/strong>&nbsp;como nuevo l\u00edder de Gobierno de Servicios, posici\u00f3n bajo la cual ser\u00e1 responsable&nbsp;de la gesti\u00f3n del ciclo de vida de servicios,&nbsp;el&nbsp;aseguramiento de&nbsp;la&nbsp;calidad y satisfacci\u00f3n de&nbsp;los&nbsp;clientes&nbsp;de&nbsp;Etek.&nbsp;&nbsp;<\/p>\n\n\n\n<p>Como l\u00edder de esta nueva \u00e1rea, Luis Alejandro&nbsp;en enfocar\u00e1&nbsp;en fortalecer&nbsp;la capa de&nbsp;gobierno&nbsp;asociado a la prestaci\u00f3n&nbsp;servicios&nbsp;de la compa\u00f1\u00eda,&nbsp;trabajando de manera articulada con diferentes&nbsp;partes interesadas&nbsp;buscando&nbsp;gestionar&nbsp;y mitigar&nbsp;diferentes&nbsp;riesgos&nbsp;asociados a la misma&nbsp;e impulsar la generaci\u00f3n de valor&nbsp;orientada a los clientes de Etek.&nbsp;<\/p>\n\n\n\n<p>\u201cLuis Alejandro llega a&nbsp;Etek&nbsp;en un momento crucial donde&nbsp;el Gobierno&nbsp;de Servicios&nbsp;se ha&nbsp;convertido en un asunto imperativo&nbsp;para&nbsp;generar valor al negocio de nuestros clientes desde&nbsp;la&nbsp;prestaci\u00f3n de servicios de&nbsp;ciberseguridad\u201d, asegur\u00f3&nbsp;<strong>Praveen Sengar<\/strong>, CEO de&nbsp;Etek. \u201cEs una posici\u00f3n que&nbsp;vela&nbsp;por&nbsp;el aseguramiento de la calidad&nbsp;y satisfacci\u00f3n de nuestros clientes&nbsp;mientras&nbsp;se&nbsp;supervisan&nbsp;responsablemente los costos y rentabilidad&nbsp;asociados a la prestaci\u00f3n de nuestros servicios.\u201d&nbsp;<\/p>\n\n\n\n<p>Luis Alejandro&nbsp;es un experimentado profesional que en los \u00faltimos 20 a\u00f1os se ha dedicado de lleno a la consultor\u00eda en ciberseguridad, seguridad digital y de la informaci\u00f3n. Tiene adem\u00e1s amplia experiencia en&nbsp;sistemas de gesti\u00f3n de seguridad de la informaci\u00f3n, gesti\u00f3n de riesgos y vulnerabilidades, arquitecturas seguras, indicadores de gesti\u00f3n&nbsp;y&nbsp;defensa en profundidad,&nbsp;as\u00ed como en&nbsp;procesos&nbsp;de atenci\u00f3n de incidentes, hacking \u00e9tico y gesti\u00f3n de proyectos alineado con mejores pr\u00e1cticas.&nbsp;<\/p>\n\n\n\n<p>\u201cMi&nbsp;principal&nbsp;objetivo ser\u00e1 llevar la experiencia de prestaci\u00f3n de servicio de&nbsp;Etek&nbsp;a un siguiente nivel,&#8221; indic\u00f3 Luis Alejandro&nbsp;Ruiz.&nbsp;<\/p>\n\n\n\n<p>El nuevo ejecutivo es&nbsp;Ingeniero Electr\u00f3nico de la Universidad Javeriana con especializaci\u00f3n en Gerencia Inform\u00e1tica de la universidad EAN y diplomados en Seguridad Inform\u00e1tica y Gerencia de Proyectos. Es Auditor en ISO 27001:2013 y en ISO 31000:2009.&nbsp;&nbsp;<\/p>\n\n\n\n<p>En su \u00faltimo rol se desempe\u00f1\u00f3 como L\u00edder de Ingenier\u00eda de Negocios y Preventa de&nbsp;Evolution&nbsp;Technologies&nbsp;Group. Anteriormente fue Oficial de Seguridad de la Informaci\u00f3n para Carbones del Cerrej\u00f3n&nbsp;Limited&nbsp;y para Telef\u00f3nica Telecom.&nbsp;<\/p>\n","protected":false},"excerpt":{"rendered":"<p>Bajo esta posici\u00f3n, el nuevo directivo ser\u00e1 responsable de la gesti\u00f3n del ciclo de vida de&nbsp;los&nbsp;servicios, aseguramiento de la calidad y satisfacci\u00f3n de&nbsp;los clientes de&nbsp;Etek&nbsp;&nbsp; Bogot\u00e1,&nbsp;Colombia \u2014&nbsp;septiembre&nbsp;23, 2021&nbsp;&#8211;&nbsp;Etek&nbsp;International Corporation&nbsp;anunci\u00f3 hoy la designaci\u00f3n de&nbsp;Luis Alejandro Ruiz&nbsp;como nuevo l\u00edder de Gobierno de Servicios, posici\u00f3n bajo la cual ser\u00e1 responsable&nbsp;de la gesti\u00f3n del ciclo de vida de servicios,&nbsp;el&nbsp;aseguramiento [&hellip;]<\/p>\n","protected":false},"author":2,"featured_media":5019,"comment_status":"open","ping_status":"open","sticky":false,"template":"","format":"standard","meta":{"footnotes":""},"categories":[1],"tags":[],"_links":{"self":[{"href":"https:\/\/etek.com\/es\/wp-json\/wp\/v2\/posts\/5018"}],"collection":[{"href":"https:\/\/etek.com\/es\/wp-json\/wp\/v2\/posts"}],"about":[{"href":"https:\/\/etek.com\/es\/wp-json\/wp\/v2\/types\/post"}],"author":[{"embeddable":true,"href":"https:\/\/etek.com\/es\/wp-json\/wp\/v2\/users\/2"}],"replies":[{"embeddable":true,"href":"https:\/\/etek.com\/es\/wp-json\/wp\/v2\/comments?post=5018"}],"version-history":[{"count":0,"href":"https:\/\/etek.com\/es\/wp-json\/wp\/v2\/posts\/5018\/revisions"}],"wp:featuredmedia":[{"embeddable":true,"href":"https:\/\/etek.com\/es\/wp-json\/"}],"wp:attachment":[{"href":"https:\/\/etek.com\/es\/wp-json\/wp\/v2\/media?parent=5018"}],"wp:term":[{"taxonomy":"category","embeddable":true,"href":"https:\/\/etek.com\/es\/wp-json\/wp\/v2\/categories?post=5018"},{"taxonomy":"post_tag","embeddable":true,"href":"https:\/\/etek.com\/es\/wp-json\/wp\/v2\/tags?post=5018"}],"curies":[{"name":"wp","href":"https:\/\/api.w.org\/{rel}","templated":true}]}}